{"id":6338,"date":"2010-12-11T21:19:18","date_gmt":"2010-12-11T20:19:18","guid":{"rendered":"http:\/\/primopianogallery.com\/?p=6338"},"modified":"2014-06-10T20:28:20","modified_gmt":"2014-06-10T18:28:20","slug":"inside-outside-linvisibilita-del-visibile","status":"publish","type":"post","link":"https:\/\/www.primopianogallery.com\/en\/6338-inside-outside-linvisibilita-del-visibile\/","title":{"rendered":"INSIDE-OUTSIDE: L`invisibilit\u00e0 del visibile"},"content":{"rendered":"<h3><strong>Dal 11\/12\/2010 al 05\/01\/2011.<\/strong><\/h3>\n<p>&nbsp;<\/p>\n<p style=\"text-align: justify;\"><span style=\"font-size: 12px;\"><span style=\"font-family: arial,helvetica,sans-serif;\"><img loading=\"lazy\" decoding=\"async\" class=\"alignleft size-medium wp-image-6340\" src=\"http:\/\/primopianogallery.com\/wp-content\/uploads\/2010\/12\/INSIDE-OUTSIDE-300x300.jpg\" alt=\"???????????????????????????????\" width=\"300\" height=\"300\" srcset=\"https:\/\/www.primopianogallery.com\/wp-content\/uploads\/2010\/12\/INSIDE-OUTSIDE-300x300.jpg 300w, https:\/\/www.primopianogallery.com\/wp-content\/uploads\/2010\/12\/INSIDE-OUTSIDE-100x100.jpg 100w, https:\/\/www.primopianogallery.com\/wp-content\/uploads\/2010\/12\/INSIDE-OUTSIDE-150x150.jpg 150w, https:\/\/www.primopianogallery.com\/wp-content\/uploads\/2010\/12\/INSIDE-OUTSIDE-212x212.jpg 212w, https:\/\/www.primopianogallery.com\/wp-content\/uploads\/2010\/12\/INSIDE-OUTSIDE.jpg 400w\" sizes=\"auto, (max-width: 300px) 100vw, 300px\" \/>La mostra vuole coinvolgere sempre pi\u00f9 persone a comprendere ed apprezzare l&#8217;importanza della riqualificazione ambientale e naturalistica (vedi Rootles Algas, video di <em><span style=\"color: #800000;\"><strong>Grimanesa Amoros<\/strong><\/span><\/em><\/span><\/span><span style=\"font-size: 12px;\"><span style=\"font-family: arial,helvetica,sans-serif;\">)<\/span><\/span><span style=\"font-size: 12px;\"><span style=\"font-family: arial,helvetica,sans-serif;\">, i paesaggi rurali e naturali (<em><span style=\"color: #800000;\"><strong>Vivien Schmidt)<\/strong><\/span><\/em> anche nelle grandi citt\u00e0, gli ecosistemi a rischio di estinzione (vedi Marocho, video di <span style=\"color: #800000;\"><em><strong>Gabriela Morawetz<\/strong><\/em><\/span>), le culture rispettose della natura (con le opere di <span style=\"color: #800000;\"><em><strong>Anne Desfour, Mary Jane Jessen, William Allshouse, Elinore Bucholtz, Karen Greiger,Hedy Maimann,Delphine Priollaud, Kumiko Tamura, Pierre Thomas<\/strong><\/em><\/span>).<\/span><\/span><\/p>\n<p style=\"text-align: justify;\"><span style=\"font-size: 12px;\"><span style=\"font-family: arial,helvetica,sans-serif;\">Non a caso negli ultimi anni si \u00e8 assistito alla scomparsa della citt\u00e0, all\u2019espansione di periferie diffuse, di reti fisiche di comunicazione, di zone industriali che hanno corroso zone agricole, parchi, antichi giardini e ambiti fluviali.\u00a0 Le aree urbane hanno un ruolo non indifferente nel causare trasformazioni del \u201cglobal change\u201d (vedi video di <span style=\"color: #800000;\"><em><strong>Futaba Suzuki)<\/strong><\/em><\/span>. Parallelamente, oggi, la cultura architettonica sta affrontando problemi di riqualificazione urbana, territoriale e paesaggistica, maturando atteggiamenti di responsabilit\u00e0 nei confronti del passato, nella convinzione che il recupero di esso contribuisca a rinnovare il presente.<\/span><\/span><\/p>\n<p style=\"text-align: justify;\"><!--more--><\/p>\n<p style=\"text-align: justify;\"><span style=\"font-size: 12px;\"><span style=\"font-family: arial,helvetica,sans-serif;\">Oggi, sta emergendo una nuova cultura per il paesaggio che ne riconosce il valore come archivio delle tracce della storia degli uomini e della natura. Secondo la concezione odierna non si intende il paesaggio n\u00e9 come ambiente, n\u00e9 come territorio, bens\u00ec come un aspetto dell\u2019ambiente e del territorio percepito dai soggetti che ne fruiscono; non solo spazio produttivo, ma bene simbolico, riferimento culturale collettivo, frutto di comunione di intenti e stratificazione di assetti evolutisi nel tempo, in un continuo \u201caccordarsi\u201d tra forze naturali e necessit\u00e0 dell\u2019uomo.\u00a0 <\/span><\/span><\/p>\n<p style=\"text-align: justify;\"><span style=\"font-size: 12px;\"><span style=\"font-family: arial,helvetica,sans-serif;\">Lo sguardo degli artisti \u00e8 rivolto anche ai luoghi in cui vige una sensibilit\u00e0 interiore, allo stato di invisibilit\u00e0 delle cose che caratterizza il nostro tempo. Pi\u00f9 introspettivo il discorso della leccese <span style=\"color: #800000;\"><em><strong>Loredana Campa\u00a0<\/strong><\/em><\/span> che guarda ai luoghi del quotidiano filtrando con la tonalit\u00e0 del rosso gli oggetti che ci circondano e che fanno parte della nostra vita. Con una sensibilit\u00e0 particolare anche l\u2019installazione delle 32 valigie di terracotta sotto vuoto della tarantina <span style=\"color: #800000;\"><em><strong>Maria Grazia Carriero<\/strong><\/em><\/span>, che nell\u2019ironica installazione pone l\u2019accento non solo sul viaggio ma anche sull\u2019esilio forzato degli ebrei presso i lager, dove diventano carne da macello, riconoscibili solo dal codice a barre. Un viaggio nella storia che ci rappresenta e che ci inganna come per le foto della russa <span style=\"color: #800000;\"><em><strong>Alisa Nikulina<\/strong><\/em><\/span>. Nel blu del cielo e del mare l\u2019installazione \u201cbattito d\u2019ali\u201d\u00a0 una farfalla che proietta la sua ombra, del tarantino <span style=\"color: #800000;\"><em><strong>Giulio De Mitri <\/strong><\/em><\/span>e le opere pittoriche sul vento e le foglie del leccese <span style=\"color: #800000;\"><em><strong>Fernando De Filippi.<\/strong><\/em><\/span> Sull\u2019invalicabilit\u00e0 del limite la serie delle opere \u201coltre il muro\u201d del leccese <span style=\"color: #800000;\"><em><strong>Dario Manco<\/strong><\/em><\/span>, e sul paesaggio invisibile le opere pittoriche della leccese <span style=\"color: #800000;\"><em><strong>Maria Antonietta Scaringella.<\/strong><\/em><\/span> Concludono la rassegna le opere surreali sull\u2019inferno e il paradiso della portoghese <span style=\"color: #800000;\"><em><strong>Alexandra De Pinho,<\/strong><\/em><\/span> la video performance dell\u2019artista serba <span style=\"color: #800000;\"><em><strong>Isidora Ficovic<\/strong><\/em><\/span>, sulla coscienza planetaria le opere dell\u2019americana <span style=\"color: #800000;\"><em><strong>Jean Peterson<\/strong><\/em><\/span>.<br \/>\n<\/span><\/span><\/p>\n","protected":false},"excerpt":{"rendered":"<h3><strong>Dal 11\/12\/2010 al 05\/01\/2011.<\/strong><\/h3>\n<p>&nbsp;<\/p>\n<p style=\"text-align: justify;\">\n\t<span style=\"font-size: 12px;\"><span style=\"font-family: arial,helvetica,sans-serif;\">Chiude il 2010 la mostra d&rsquo;arte contemporanea &ldquo;Inside &ndash; Outside: L&rsquo;invisibilit&agrave; del visibile&rdquo; curata da Dores Sacquegna. L&rsquo;evento che si inaugura <strong>sabato 11 dicembre alle ore 19:30<\/strong>, pone l&rsquo;accento su una variet&agrave; di biodiversit&agrave; legata al territorio e si snoda&nbsp; in un percorso costituito da opere di pittura, di fotografia,&nbsp; di installazioni e video, che rappresentano un nuovo livello di percezione plurisensoriale. In home page &quot;Interno&quot; di Loredana Campa.<\/p>\n<p>\t<\/span><\/span><\/p>\n","protected":false},"author":1,"featured_media":6340,"comment_status":"closed","ping_status":"open","sticky":false,"template":"","format":"standard","meta":{"ngg_post_thumbnail":0,"footnotes":""},"categories":[174,40],"tags":[],"class_list":["post-6338","post","type-post","status-publish","format-standard","has-post-thumbnail","hentry","category-eventi-generale","category-in-sede"],"_links":{"self":[{"href":"https:\/\/www.primopianogallery.com\/en\/wp-json\/wp\/v2\/posts\/6338","targetHints":{"allow":["GET"]}}],"collection":[{"href":"https:\/\/www.primopianogallery.com\/en\/wp-json\/wp\/v2\/posts"}],"about":[{"href":"https:\/\/www.primopianogallery.com\/en\/wp-json\/wp\/v2\/types\/post"}],"author":[{"embeddable":true,"href":"https:\/\/www.primopianogallery.com\/en\/wp-json\/wp\/v2\/users\/1"}],"replies":[{"embeddable":true,"href":"https:\/\/www.primopianogallery.com\/en\/wp-json\/wp\/v2\/comments?post=6338"}],"version-history":[{"count":0,"href":"https:\/\/www.primopianogallery.com\/en\/wp-json\/wp\/v2\/posts\/6338\/revisions"}],"wp:featuredmedia":[{"embeddable":true,"href":"https:\/\/www.primopianogallery.com\/en\/wp-json\/wp\/v2\/media\/6340"}],"wp:attachment":[{"href":"https:\/\/www.primopianogallery.com\/en\/wp-json\/wp\/v2\/media?parent=6338"}],"wp:term":[{"taxonomy":"category","embeddable":true,"href":"https:\/\/www.primopianogallery.com\/en\/wp-json\/wp\/v2\/categories?post=6338"},{"taxonomy":"post_tag","embeddable":true,"href":"https:\/\/www.primopianogallery.com\/en\/wp-json\/wp\/v2\/tags?post=6338"}],"curies":[{"name":"wp","href":"https:\/\/api.w.org\/{rel}","templated":true}]}}