{"id":6380,"date":"2011-11-12T18:23:33","date_gmt":"2011-11-12T17:23:33","guid":{"rendered":"http:\/\/primopianogallery.com\/?p=6380"},"modified":"2018-03-17T13:12:48","modified_gmt":"2018-03-17T12:12:48","slug":"obiettivo-mediterraneo-pugliaturchia","status":"publish","type":"post","link":"https:\/\/www.primopianogallery.com\/en\/6380-obiettivo-mediterraneo-pugliaturchia\/","title":{"rendered":"Obiettivo Mediterraneo: Dialogue between cultures Italy\/Turkey"},"content":{"rendered":"<p><\/p>\n<h3>Dal 12\/11\/2011 al 26\/11\/2011.<\/h3>\n<p><a href=\"https:\/\/primopianogallery.com\/wp-content\/uploads\/2011\/12\/a.jpg\"><img loading=\"lazy\" decoding=\"async\" class=\"alignleft size-medium wp-image-8293\" src=\"https:\/\/primopianogallery.com\/wp-content\/uploads\/2011\/12\/a-300x202.jpg\" alt=\"a\" width=\"300\" height=\"202\" srcset=\"https:\/\/www.primopianogallery.com\/wp-content\/uploads\/2011\/12\/a-300x202.jpg 300w, https:\/\/www.primopianogallery.com\/wp-content\/uploads\/2011\/12\/a.jpg 446w\" sizes=\"auto, (max-width: 300px) 100vw, 300px\" \/><\/a><strong>A cura di Dores Sacquegna, Emine Tokmakkaya<\/strong><\/p>\n<p style=\"text-align: justify;\">Primo Piano LivinGallery, Palazzo Turrisi, Castello Carlo V, Lecce<\/p>\n<p style=\"text-align: justify;\">Organizzato da Primo Piano LivinGallery &amp; Art Project for the Turkey Organization, Istambul<\/p>\n<p style=\"text-align: justify;\"><strong>Con il Patrocinio di:<\/strong><br \/>\nUfficio Cultura e Informazioni, Ambasciata Turchia(Roma); Ministero del Turismo e della Cultura (Turchia); Ministero degli Affari Esteri (Roma); Assessorato alla Cultura, Educazione ed Arte (Turchia);\u00a0 Unione delle Facolt\u00e0 di Belle Arti (Turchia);<\/p>\n<p><!--more--><\/p>\n<p style=\"text-align: justify;\">Assessorato al Mediterraneo, Cultura e Turismo (Regione Puglia);\u00a0 Provincia di Lecce; Assessorato alla Cultura del Comune di Lecce; Fondazione Pino Pascali (Polignano a Mare-Bari), Accademia di Belle Arti di Lecce.<\/p>\n<p style=\"text-align: justify;\">La manifestazione di respiro internazionale \u00e8 un evento organico e singolare di politica culturale che pone in relazione personalit\u00e0 del mondo artistico e culturale di entrambi i Paesi. Ospitato in Puglia, l\u2019evento \u00e8 allestito in vari luoghi della citt\u00e0 di Lecce che da novembre diventeranno il fulcro di straordinari eventi con mostre di arte contemporanee di artisti turchi e pugliesi, performances, dibattiti e symposium che coinvolgeranno artisti, curatori, operatori culturali, galleristi, giornalisti, direttori di accademie di belle arti e di universit\u00e0, direttori museali della Puglia e della Turchia.<\/p>\n<p style=\"text-align: justify;\">Si inizia con<strong> Primo Piano LivinGallery,<\/strong> che ospita la rassegna di artisti contemporanei turchi selezionati da <em>Emine Tokmakkaya, <\/em>il <strong><em>12 novembre alle ore 18:30<\/em><\/strong> con la presentazione generale del programma e degli ospiti. Segue il concerto di musica folk con flauto di <em>Zeynep Figen \u00c7if\u00e7i <\/em>e la presentazione sulla \u201cEbru Art\u201d con <em>Hakki Engin Giderer, <\/em>artista e scrittore turco, insegna pittura alla \u00c7ank\u0131r\u0131 Karatekin University ed \u00e8 il Direttore della University\u2019s Summer Academy, uno dei pi\u00f9 importanti programmi di Belle Arti con il mandato di fornire una dimensione internazionale per l\u2019universit\u00e0.<\/p>\n<p style=\"text-align: justify;\">\u00a0Artisti in mostra: EMINE TOKMAKKAYA, MELTEM S\u00d6YLEMEZ,MAHMUT \u00d6ZT\u00dcRK, REYHAN DEMIR BA\u011eADIR, HAKKI ENGIN GIDERER,ASLI I\u015eIKSAL, ZEYNEP GERGIN, FIGEN \u00c7IF\u00c7I,SINEM \u00c7IMEN,FILIZ HATIO\u011eLU,YASEMIN YENIG\u00dcL,ADNAN DO\u011eAN, EKIN \u00a0ERMAN, \u015e\u00dcKRAN ULUCAN, SELDA CENGIZ,BENGISU BAYRAK,SALIHA \u0130\u015eIL YALTIRAKLI,FATO\u015e ASLI KUTLUAY,YAKUP G\u00d6KTA\u015e,NECMETTIN KARABULUT,MELIHA YILMAZ,LALE ALTINKURT,ERHAN EKLER,G\u00dcLAY \u00c7ALLI, AYTEN MUNGAN, EMINE \u00d6ZT\u00dcRK,\u00d6ZLEM HALILO\u011eLU,AYSEL EKIZ,EMEL G\u00dcL\u00c7IN \u00dcLKER,FETHIYE ALEV AKSEKI, SEVDIYE KADIO\u011eLU,SINAN \u015eEN\u00c7I\u00c7EK, H\u00dcLYA BOZBIYIK, EVRIM \u00d6ZESKICI.<\/p>\n<p style=\"text-align: justify;\">\u00a0Il secondo appuntamento riguarda il <strong><em>Symposium Internazionale<\/em><\/strong> <strong><em>\u201cArt &amp; Culture\u201d<\/em><\/strong> presso <strong>Palazzo Turrisi<\/strong> nelle giornate <strong><em>del 13 e del 14 novembre<\/em>,<\/strong> al quale saranno presenti, un comitato scientifico pugliese e turco: <em>Marina Pizzarelli, Francesca De Filippi, Nicola Elia, Marinilde Giannandrea, Salvatore Luperto, Fernando Miglietta, Francesco Spada, Maria Vinella, Cristina Caiulo, Carlo Michele Schirinzi, Aydanur Yenel, Sevdiye Kadio\u011flu, Dilek T\u00fcrkmeno\u011flu, Nihan I\u00e7\u00f6z, \u00d6zge Tu\u011f\u00e7e G\u00f6kalp, Ferah Nur D\u00fcndar e <\/em>gli artisti<em>Meltem S\u00f6ylemez,Mahmut \u00d6zt\u00fcrk, Sinan \u015een\u00e7i\u00e7ek, H\u00fclya Bozbiyik, Evrim \u00d6zeskici.<\/em> Le tematiche trattate nelle due giornate del Symposium, si orientano in linea generale sulla storia, la cultura, il paesaggio, la musica e lo spettacolo e in maniera pi\u00f9 specifica sul paesaggio e le arti contemporanee della Puglia e della Turchia.<\/p>\n<p style=\"text-align: justify;\">Il terzo appuntamento \u00e8 con le arti visive e la performance presso il <strong>Castello Aragonese di Carlo V<\/strong>, nella serata del <strong>14 novembre<\/strong> <strong>ore 20:15<\/strong> con la mostra documentativa di arte contemporanea \u201c<em>Identit\u00e0 e paesaggio per una nuova cultura del territorio<\/em>\u201d che vede la partecipazione di: <em>Fernando Miglietta, Marcello Moscara, Guillermina De Gennaro, Nicola Elia, Caterina Gerardi<\/em>, <em>Gianluca Russo, Francesca Speranza<\/em> e del performer salentino <em>Massimiliano Manieri <\/em>con l\u2019allestimento dell\u2019installazione interattiva \u201cBluff Point\u201d, una sorta di tenda rossa allestita nella splendida sala medioevale Maria d\u2019Enghien, che gioca ironicamente con i due colori che mettono in comunione Lecce (con la pietra leccese) e la bandiera turca. Giallo e rosso, in questa alchimia di colori che segna il cammino dei due popoli, l\u2019uno verso l\u2019altro, in un autentico e gestuale dialogo tra culture, con cui il performer invita i visitatori ad intraprendere un viaggio di conoscenza e di scambio tra i due popoli. La performance di Manieri \u00e8 in collaborazione con la performer <em>Michaela Stifani<\/em> e l\u2019assistente <em>Claudia <\/em><em>Ingrosso. <\/em><\/p>\n<p style=\"text-align: justify;\">Sempre al Castello, la cerimonia con la donazione dei Certificati e i ringraziamenti alle personalit\u00e0 e agli artisti intervenuti al symposium internazionale e il banqueting con una delle cantine pugliesi d\u2019eccellenza la \u201c<em>Leone De Castris, <\/em><em>vitivinicoltori dal 1665\u201d<\/em> di Salice Salentino, Lecce (info: <a href=\"http:\/\/www.leonedecastris.com\">www.leonedecastris.com<\/a>).<\/p>\n<p style=\"text-align: justify;\">\u00a0Il quarto ed ultimo appuntamento \u00e8 con la rassegna di video arte e cinema artisti pugliesi e turchi con \u201c<em>Stazioni Meterologiche<\/em>\u201d dal <strong>24 al 26 novembre dalle ore 18:30<\/strong> presso la <strong>Primo Piano<\/strong><strong> LivinGallery<\/strong>.<\/p>\n<p style=\"text-align: justify;\">Per la Video Arte gli artisti:<em> Carlo Michele Schirinzi con \u201cMammamialiturchi! del 2010\u201d <\/em>presentato recentemente alla 54 Biennale di Venezia nella sezione Regione Puglia a Lecce;<em> Sarah Ciraci\u2019 con\u00a0\u00a0 \u201c Welcome Aboard del 2011\u201d, <\/em>presentato alla 54 Biennale di Venezia, Padiglione Italia; <em>Raffaele Fiorella, <\/em>con la videoinstallazione <em>\u201cMicromacromondi del 2010\u201d,<\/em> presentato alla 54 Biennale di Venezia Regione Puglia a Bari, <em>Francesco Schiavulli <\/em>con \u201c<em>Il trespolo di Claudio Mirel\u201d,<\/em> presentato alla 54 Biennale di Venezia, nella mostra \u201c <em>Pino Pascali: Ritorno a Venezia<\/em> \u201c e nella sezione della Regione Puglia a Bari, <em>Ezia Mitolo <\/em>con <em>\u201cOmbramalombra,<\/em>presentato aEdinburgh Art Festival, il turco <em>Asli Kutluay<\/em> con \u201c <em>Dia-Log\/Mono-Log del 2010 \u201d.<\/em><\/p>\n<p style=\"text-align: justify;\">Per il cinema gli artisti: <em>Jacopo Mario Gandolfi <\/em>(Bologna, 1980) filmaker residente a Istanbul, insegna cinema agli studenti dell\u2019 Universit\u00e1 di Istanbul (ITU).<em> Giovanni Albanese<\/em>, artista e regista pugliese con \u201c<em>Senza arte, n\u00e9 parte del 2011\u201d, film sostenuto dal <\/em><a href=\"https:\/\/www.cinemaitaliano.info\/ente\/00001\/ministero-per-i-beni-e-le-attivita-culturali.html\">Ministero per i Beni e le Attivit\u00e0 Culturali (MiBAC)<\/a> e da <a href=\"http:\/\/www.cinemaitaliano.info\/ente\/00172\/apulia-film-commission.html\">Apulia Film Commission<\/a>, prodotto da <a href=\"http:\/\/www.cinemaitaliano.info\/prod\/00215\/lumiere-e-co.html\">Lumi\u00e8re &amp; Co.<\/a>; in collaborazione con <a href=\"http:\/\/www.cinemaitaliano.info\/prod\/00004\/rai-cinema.html\">Rai Cinema<\/a>.<\/p>\n<p style=\"text-align: justify;\">Tutti gli appuntamenti \u2013 distribuiti in vari luoghi della citt\u00e0 di Lecce \u2013 rappresentano occasione e strumenti di crescita, di confronto e di arricchimento tra le parti e puntano ad un processo di informazione e dialogo col sistema internazionale, mettendo in sinergia istituzioni locali e internazionali.<\/p>\n<p style=\"text-align: justify;\">\u00a0<strong>LUOGHI E DATE EVENTI NOVEMBRE 2011<\/strong><\/p>\n<p style=\"text-align: justify;\"><strong>Primo Piano LivinGallery, Viale G. Marconi 4 Lecce<\/strong><\/p>\n<p style=\"text-align: justify;\"><em>Mostra d\u2019arte contemporanea di artisti turchi <\/em><\/p>\n<p style=\"text-align: justify;\">Dal 12 al 26 Novembre (Inaugurazione sabato 12 novembre ore 18:30)<\/p>\n<p style=\"text-align: justify;\"><em>Mostra \u201cStazioni metereologiche\u201d Video Arte e cinema di artisti pugliesi e turchi<\/em><\/p>\n<p style=\"text-align: justify;\">Dal 24 al 26 Novembre (Inaugurazione venerd\u00ec 24 novembre ore 18:30)<\/p>\n<p style=\"text-align: justify;\"><strong>Palazzo Turrisi, Via Marco Basseo, Lecce<\/strong><\/p>\n<p style=\"text-align: justify;\"><em>Symposium Internazionale Puglia\/Turchia<\/em><\/p>\n<p>Dal 13 al 14 Novembre (orari: 10-13\/16-19)<\/p>\n<p><strong>Castello Carlo V, Via XXV Luglio, Lecce<\/strong><\/p>\n<p><em>Mostra Identit\u00e0 e paesaggio (artisti pugliesi)<\/em><\/p>\n<p>Dal 14 al 20 Novembre (inaugurazione luned\u00ec 14 novembre ore 20:15)<\/p>\n<p>&nbsp;<\/p>","protected":false},"excerpt":{"rendered":"<h3>Dal 12\/11\/2011 al 26\/11\/2011.<\/h3>\n<p>&nbsp;<\/p>\n<p class=\"MsoNormal\" style=\"text-align:justify\">\n\t<span style=\"font-size:11px;\"><strong>PRIMO PIANO LIVINGALLERY<\/strong> e <strong>ART PROJECT FOR THE TURKEY ORGANIZATION COMMITTEE, ISTANBUL (TURKEY)<\/strong> presentano il progetto &ldquo;<span style=\"color: rgb(178, 34, 34);\"><strong>OBIETTIVO MEDITARRANEO-Dialogo tra culture: Puglia-Turchia&rdquo;.<\/strong><\/span> L&#39;evento &egrave; curato da <strong>Dores Sacquegn<\/strong>a e <strong>Emine Tokmakkaya<\/strong>. La manifestazione si apre sabato 12 novembre ore 18:30 a Primo Piano LivinGallery con la mostra di artisti turchi e <!--[if gte mso 9]><xml>\n <o:documentproperties>\n  <o:author>Utente<\/o:author>\n  <o:version>11.9999<\/o:version>\n <\/o:documentproperties>\n<\/xml>< ![endif]--><!--[if gte mso 9]><xml>\n <w:worddocument>\n  <w:view>Normal<\/w:view>\n  <w:zoom>0<\/w:zoom>\n  <w:hyphenationzone>14<\/w:hyphenationzone>\n  <w:punctuationkerning><\/w:punctuationkerning>\n  <w:validateagainstschemas><\/w:validateagainstschemas>\n  <w:saveifxmlinvalid>false<\/w:saveifxmlinvalid>\n  <w:ignoremixedcontent>false<\/w:ignoremixedcontent>\n  <w:alwaysshowplaceholdertext>false<\/w:alwaysshowplaceholdertext>\n  <w:compatibility>\n   <w:breakwrappedtables><\/w:breakwrappedtables>\n   <w:snaptogridincell><\/w:snaptogridincell>\n   <w:wraptextwithpunct><\/w:wraptextwithpunct>\n   <w:useasianbreakrules><\/w:useasianbreakrules>\n   <w:dontgrowautofit><\/w:dontgrowautofit>\n  <\/w:compatibility>\n  <w:browserlevel>MicrosoftInternetExplorer4<\/w:browserlevel>\n <\/w:worddocument>\n<\/xml>< ![endif]--><!--[if gte mso 9]><xml>\n <w:latentstyles DefLockedState=\"false\" LatentStyleCount=\"156\">\n <\/w:latentstyles>\n<\/xml>< ![endif]--><!--[if gte mso 10]>\n\n\n<style>\n \/* Style Definitions *\/\n table.MsoNormalTable\n\t{mso-style-name:\"Tabella normale\";\n\tmso-tstyle-rowband-size:0;\n\tmso-tstyle-colband-size:0;\n\tmso-style-noshow:yes;\n\tmso-style-parent:\"\";\n\tmso-padding-alt:0cm 5.4pt 0cm 5.4pt;\n\tmso-para-margin:0cm;\n\tmso-para-margin-bottom:.0001pt;\n\tmso-pagination:widow-orphan;\n\tfont-size:10.0pt;\n\tfont-family:\"Times New Roman\";\n\tmso-ansi-language:#0400;\n\tmso-fareast-language:#0400;\n\tmso-bidi-language:#0400;}\n<\/style>\n\n\n< ![endif]--><span style=\"font-family: Arial; color: black;\">con il concerto di Flauto di <i style=\"mso-bidi-font-style:normal\">Zeynep Figen &Ccedil;if&ccedil;i.<\/i> <\/span><\/span><\/p>\n","protected":false},"author":1,"featured_media":0,"comment_status":"closed","ping_status":"open","sticky":false,"template":"","format":"standard","meta":{"ngg_post_thumbnail":0,"footnotes":""},"categories":[174,40],"tags":[],"class_list":["post-6380","post","type-post","status-publish","format-standard","hentry","category-eventi-generale","category-in-sede"],"_links":{"self":[{"href":"https:\/\/www.primopianogallery.com\/en\/wp-json\/wp\/v2\/posts\/6380","targetHints":{"allow":["GET"]}}],"collection":[{"href":"https:\/\/www.primopianogallery.com\/en\/wp-json\/wp\/v2\/posts"}],"about":[{"href":"https:\/\/www.primopianogallery.com\/en\/wp-json\/wp\/v2\/types\/post"}],"author":[{"embeddable":true,"href":"https:\/\/www.primopianogallery.com\/en\/wp-json\/wp\/v2\/users\/1"}],"replies":[{"embeddable":true,"href":"https:\/\/www.primopianogallery.com\/en\/wp-json\/wp\/v2\/comments?post=6380"}],"version-history":[{"count":0,"href":"https:\/\/www.primopianogallery.com\/en\/wp-json\/wp\/v2\/posts\/6380\/revisions"}],"wp:attachment":[{"href":"https:\/\/www.primopianogallery.com\/en\/wp-json\/wp\/v2\/media?parent=6380"}],"wp:term":[{"taxonomy":"category","embeddable":true,"href":"https:\/\/www.primopianogallery.com\/en\/wp-json\/wp\/v2\/categories?post=6380"},{"taxonomy":"post_tag","embeddable":true,"href":"https:\/\/www.primopianogallery.com\/en\/wp-json\/wp\/v2\/tags?post=6380"}],"curies":[{"name":"wp","href":"https:\/\/api.w.org\/{rel}","templated":true}]}}