{"id":6392,"date":"2012-04-21T18:55:29","date_gmt":"2012-04-21T16:55:29","guid":{"rendered":"http:\/\/primopianogallery.com\/?p=6392"},"modified":"2018-03-17T13:13:57","modified_gmt":"2018-03-17T12:13:57","slug":"latinamente-napoli","status":"publish","type":"post","link":"https:\/\/www.primopianogallery.com\/en\/6392-latinamente-napoli\/","title":{"rendered":"Latinamente|Naples"},"content":{"rendered":"<p>&nbsp;<\/p>\n<h3>Dal 21\/04\/2012 al 25\/06\/2012.<\/h3>\n<p>&nbsp;<\/p>\n<p class=\"MsoNormal\" style=\"text-align: left;\" align=\"center\"><img loading=\"lazy\" decoding=\"async\" class=\"alignleft size-medium wp-image-6394\" src=\"https:\/\/primopianogallery.com\/wp-content\/uploads\/2012\/04\/LATINAMENTE-NAPOLI-300x285.jpg\" alt=\"LATINAMENTE-NAPOLI\" width=\"300\" height=\"285\" srcset=\"https:\/\/www.primopianogallery.com\/wp-content\/uploads\/2012\/04\/LATINAMENTE-NAPOLI-300x285.jpg 300w, https:\/\/www.primopianogallery.com\/wp-content\/uploads\/2012\/04\/LATINAMENTE-NAPOLI-150x142.jpg 150w, https:\/\/www.primopianogallery.com\/wp-content\/uploads\/2012\/04\/LATINAMENTE-NAPOLI.jpg 420w\" sizes=\"auto, (max-width: 300px) 100vw, 300px\" \/><b><\/b><\/p>\n<p class=\"MsoNormal\" style=\"text-align: left;\" align=\"center\">Curated by Dores Sacquegna<\/p>\n<p class=\"MsoNormal\" style=\"text-align: left;\" align=\"center\">Area24 art gallery, Naples<\/p>\n<p><em>Area 24 Art Gallery<\/em> \u00e8 lieta di presentare la mostra d\u2019arte contemporanea LATINAMENTE a cura diDores Sacquegna; un progetto alla III edizione e che vede per la prima volta a Napoli interessanti artisti del panorama culturale Latino Americano.<\/p>\n<p><em>LATINAMENTE \u2013 <\/em>come dice la curatrice<em> \u2013 \u00e8 come dire \u201calla maniera dei latini\u201d. Cos\u00ec, come si fa tra amici. E in questo terzo collettivo, si percepisce il senso del \u201ccostruttivo\u201d, di qualcosa che sta andando a crearsi, fra di loro, fra chi ospita la mostra,\u00a0 chi la cura, chi sceglie e chi si fa scegliere. Perch\u00e9 l\u2019arte non separa, ma unisce. Soprattutto quando \u00e8 differente\u201d<\/em>.<\/p>\n<p><!--more--><\/p>\n<p>Gli otto artisti determinano con la loro poetica le contraddizioni e la ricchezza della loro terra. Non un\u2019interpretazione univoca e definitiva ma un rilevante scambio che porta alla luce un SUD del mondo animato da fermenti e contrasti, ma che vuole confrontarsi con il mercato dell\u2019arte internazionale.<\/p>\n<p>Una mostra che lascia aperto l\u2019enigma e non si limita ad essere documentativa ma offre un panorama multiplo, diversificato e complesso, come \u00e8 quello della realt\u00e0 politica, economica e sociale del continente sudamericano, una delle pi\u00f9 interessanti realt\u00e0 del panorama artistico internazionale.<\/p>\n<p>Nella ricerca di questi artisti sono emersi alcuni nuclei tematici chiave: l\u2019attenzione alla mutazione dei popoli,\u00a0 il rapporto con la vita e la morte per <strong><em>Ricardo Sanchez<\/em><\/strong>, la passionalit\u00e0 primitiva per <strong><em>Astolfo Funes<\/em>,<\/strong> il mondo pop e underground di <strong><em>Bartus Bartolomes<\/em><\/strong>, la resistenza alla carta con i segnalibri poetici di <strong><em>Carlo Marcello Conti<\/em>,<\/strong> il realismo magico con <strong><em>Paola Puppio Zingg<\/em>,<\/strong> il sangue del Venezuela con il monocromatismo di <strong><em>Domingo De Lucia<\/em><\/strong>, le alchimie cromosomiche di <strong><em>Scott Alger<\/em>,<\/strong> gli ologrammi di luce per <strong><em>Jos\u00e8 Coronel<\/em><\/strong>.<\/p>\n<p>In LATINAMENTE si coagulano energie molto precise di artisti con provenienze e generazioni diverse che apre a nuovi orizzonti e si fa linfa vitale di conoscenza e scambio.\u00c8 importante altres\u00ec, evidenziare la sinergia delle gallerie protagoniste in questo progetto: la Primo Piano LivinGallery di Lecce e la Area 24 Art Gallery di Napoli, che anche in questa occasione sottolineano con lungimiranza come sia possibile far arte e sistema nella promozione dell\u2019arte contemporanea nazionale e internazionale, anche in un momento di difficile congiuntura socio-economica.<\/p>\n<p class=\"MsoNormal\" style=\"text-align: left;\" align=\"center\"><b><\/b><span style=\"font-family: &lt;br \/&gt;Verdana;\"><br \/>\n<\/span><\/p>\n<p>&nbsp;<\/p>\n<p>&nbsp;<\/p>","protected":false},"excerpt":{"rendered":"<h3>Dal 21\/04\/2012 al 25\/06\/2012.<\/h3>\n<p>&nbsp;<\/p>\n<p style=\"text-align: justify;\">\n\t<span style=\"font-size:12px;\"><span style=\"font-family: arial,helvetica,sans-serif;\">Si inaugura sabato 21 aprile alle ore 18:30 la mostra d&#39;arte contemporanea LATINAMENTE&nbsp; a cura di<strong> Dores Sacquegna<\/strong>. L&#39;evento alla sua III edizione &egrave; ospitato dalla galleria AREA 24 ART GALLERY di Napoli di Andrea Della Rossa. In mostra le opere di:<span style=\"color:#b22222;\"><em>Astolfo Funes, Domingo De Lucia, Ricardo B. Sanchez, Carlo Marcello Conti, Bartus Bartolomes, Paola Puppio Zingg, Scott Alger, Jos&egrave; Coronel<\/em><\/span>.<br \/>\n\t<\/span><\/span><\/p>\n","protected":false},"author":1,"featured_media":0,"comment_status":"closed","ping_status":"open","sticky":false,"template":"","format":"standard","meta":{"ngg_post_thumbnail":0,"footnotes":""},"categories":[41,174],"tags":[283,286],"class_list":["post-6392","post","type-post","status-publish","format-standard","hentry","category-eventi-fuori-sede","category-eventi-generale","tag-eventi-fuori-sede-2","tag-eventi-in-generale"],"_links":{"self":[{"href":"https:\/\/www.primopianogallery.com\/en\/wp-json\/wp\/v2\/posts\/6392","targetHints":{"allow":["GET"]}}],"collection":[{"href":"https:\/\/www.primopianogallery.com\/en\/wp-json\/wp\/v2\/posts"}],"about":[{"href":"https:\/\/www.primopianogallery.com\/en\/wp-json\/wp\/v2\/types\/post"}],"author":[{"embeddable":true,"href":"https:\/\/www.primopianogallery.com\/en\/wp-json\/wp\/v2\/users\/1"}],"replies":[{"embeddable":true,"href":"https:\/\/www.primopianogallery.com\/en\/wp-json\/wp\/v2\/comments?post=6392"}],"version-history":[{"count":0,"href":"https:\/\/www.primopianogallery.com\/en\/wp-json\/wp\/v2\/posts\/6392\/revisions"}],"wp:attachment":[{"href":"https:\/\/www.primopianogallery.com\/en\/wp-json\/wp\/v2\/media?parent=6392"}],"wp:term":[{"taxonomy":"category","embeddable":true,"href":"https:\/\/www.primopianogallery.com\/en\/wp-json\/wp\/v2\/categories?post=6392"},{"taxonomy":"post_tag","embeddable":true,"href":"https:\/\/www.primopianogallery.com\/en\/wp-json\/wp\/v2\/tags?post=6392"}],"curies":[{"name":"wp","href":"https:\/\/api.w.org\/{rel}","templated":true}]}}